{"id":15085,"date":"2025-11-29T12:09:50","date_gmt":"2025-11-29T11:09:50","guid":{"rendered":"https:\/\/heike-dahms.ch\/stage\/?p=15085"},"modified":"2026-01-28T21:37:35","modified_gmt":"2026-01-28T20:37:35","slug":"seminar-mit-dr-med-hartwig-volbehr-6","status":"publish","type":"post","link":"https:\/\/heike-dahms.ch\/stage\/index.php\/seminar-mit-dr-med-hartwig-volbehr-6\/","title":{"rendered":"Seminar mit Dr. med. Hartwig Volbehr"},"content":{"rendered":"<h4><strong>Neurodiversit\u00e4t \u2013 Autismus und Aufmerksamkeitsst\u00f6rungen<\/strong><\/h4>\n<p>Diese Erscheinungen werden immer h\u00e4ufiger und stehen im Zusammenhang mit Entwicklungen der Gesellschaft. Wie k\u00f6nnen wir sie verstehen und die Betroffenen so begleiten, dass sie sich, ihnen gem\u00e4ss, in unsere Normalit\u00e4t einf\u00fcgen k\u00f6nnen?<\/p>\n<p>U. a. werden folgende Themen behandelt: <br \/>\nBesonderheiten der Wahrnehmung. Der blockierte und der umgekehrte Wille. Zw\u00e4nge und Rituale. Emotionen und Empathie. Quellen von Aggression und Gewalt. Zeiterleben. Denken in Bildern. Das atmosph\u00e4rische und unmittelbare Sein. Besondere F\u00e4higkeiten und Identit\u00e4tsbildung. Neurodiversit\u00e4t und Ursachenforschung. Was bedeuten diese Ph\u00e4nomene f\u00fcr jeden Einzelnen von uns und f\u00fcr die Problematik unserer Zeit?<br \/>\nIm Seminar werden diese Themen gemeinsam vertieft und ggf. durch Fallvignetten erweitert.<\/p>\n<p>&nbsp;<\/p>\n<p>Vortrag: <strong>08<\/strong><b><strong>.05.2026<\/strong> <\/b>um\u00a0<strong>20.00 Uhr<\/strong><\/p>\n<p>Seminar: <strong>09.05.2026 <\/strong>von <strong>10.00\u201318.00 Uhr <\/strong><strong>\/ 10.05.2026<\/strong> von <strong>9.00\u201317.00 Uhr<\/strong><\/p>\n<p>Konzert: <strong>09.05.2026 <\/strong>um<strong> 19.30 Uhr<\/strong>: Klavierkonzert mit Vladimir Valdivia<\/p>\n<p>&nbsp;<\/p>\n<p><strong>Referenten: <\/strong><strong>Dr. med. Hartwig Volbehr<\/strong> (Seminar) und <strong>Heike Dahms<\/strong> (Modellieren)<\/p>\n<p>&nbsp;<\/p>\n<h1><a href=\"https:\/\/heike-dahms.ch\/stage\/index.php\/anmeldung\/\" target=\"_blank\" rel=\"noopener\"><strong>Jetzt anmelden<\/strong><\/a><\/h1>\n<p>&nbsp;<\/p>\n<p>&nbsp;<\/p>\n<p><a href=\"https:\/\/heike-dahms.ch\/stage\/wp-content\/uploads\/2018\/02\/Vollbehr-IMG_4659.jpg\" target=\"_blank\" rel=\"noopener noreferrer\"><img loading=\"lazy\" decoding=\"async\" class=\"alignnone wp-image-2234 size-medium\" src=\"https:\/\/heike-dahms.ch\/stage\/wp-content\/uploads\/2018\/02\/Vollbehr-IMG_4659-200x300.jpg\" alt=\"\" width=\"200\" height=\"300\" srcset=\"https:\/\/heike-dahms.ch\/stage\/wp-content\/uploads\/2018\/02\/Vollbehr-IMG_4659-200x300.jpg 200w, https:\/\/heike-dahms.ch\/stage\/wp-content\/uploads\/2018\/02\/Vollbehr-IMG_4659-207x311.jpg 207w, https:\/\/heike-dahms.ch\/stage\/wp-content\/uploads\/2018\/02\/Vollbehr-IMG_4659.jpg 320w\" sizes=\"auto, (max-width: 200px) 100vw, 200px\" \/><\/a><\/p>\n<p><strong>Dr. med. Hartwig Volbehr<\/strong><\/p>\n<p>Facharzt f\u00fcr Psychiatrie und Psychotherapie und war am Max-Planck-Institut f\u00fcr\u00a0Psychiatrie im Bereich der Hirnforschung und in verschiedenen Kliniken\u00a0wissenschaftlich t\u00e4tig, bevor er jahrzehntelang in eigener Praxis praktizierte. Ausbildung in verschiedenen Naturheilverfahren.<\/p>\n<p>Seit der Jugend Besch\u00e4ftigung mit der Bewusstseinsentwicklung der Menschheit, u. a. Pr\u00e4sident der Internationalen Jean Gebser Gesellschaft.\u00a0Durch Georg K\u00fchlewind Zugang zum Werk Rudolf Steiners. In verschiedensten anthroposophischen Institutionen und Ausbildungsst\u00e4tten im In- und Ausland t\u00e4tig.<\/p>\n<p>Heute unterh\u00e4lt er eine rege Vortrags- und Seminart\u00e4tigkeit im In-und Ausland zu einer neuen Sicht auf seelische Erkrankungen, Wahrnehmungs- und Aufmerksamkeitsst\u00f6rungen, Autismus und Bewusstseinsentwicklung und Heilp\u00e4dagogik allgemein.<\/p>\n","protected":false},"excerpt":{"rendered":"<p>Neurodiversit\u00e4t \u2013 Autismus und Aufmerksamkeitsst\u00f6rungen Diese Erscheinungen werden immer h\u00e4ufiger und stehen im Zusammenhang mit Entwicklungen der Gesellschaft. Wie k\u00f6nnen wir sie verstehen und die Betroffenen so begleiten, dass sie sich, ihnen gem\u00e4ss, in unsere Normalit\u00e4t einf\u00fcgen k\u00f6nnen? U. a. &hellip; <a class=\"more-link\" href=\"https:\/\/heike-dahms.ch\/stage\/index.php\/seminar-mit-dr-med-hartwig-volbehr-6\/\">Weiterlesen <span class=\"meta-nav\">&rarr;<\/span><\/a><\/p>\n","protected":false},"author":3,"featured_media":3046,"comment_status":"closed","ping_status":"closed","sticky":false,"template":"","format":"standard","meta":{"footnotes":""},"categories":[14],"tags":[],"class_list":["post-15085","post","type-post","status-publish","format-standard","has-post-thumbnail","hentry","category-aktuelle-seminare"],"acf":[],"_links":{"self":[{"href":"https:\/\/heike-dahms.ch\/stage\/index.php\/wp-json\/wp\/v2\/posts\/15085","targetHints":{"allow":["GET"]}}],"collection":[{"href":"https:\/\/heike-dahms.ch\/stage\/index.php\/wp-json\/wp\/v2\/posts"}],"about":[{"href":"https:\/\/heike-dahms.ch\/stage\/index.php\/wp-json\/wp\/v2\/types\/post"}],"author":[{"embeddable":true,"href":"https:\/\/heike-dahms.ch\/stage\/index.php\/wp-json\/wp\/v2\/users\/3"}],"replies":[{"embeddable":true,"href":"https:\/\/heike-dahms.ch\/stage\/index.php\/wp-json\/wp\/v2\/comments?post=15085"}],"version-history":[{"count":11,"href":"https:\/\/heike-dahms.ch\/stage\/index.php\/wp-json\/wp\/v2\/posts\/15085\/revisions"}],"predecessor-version":[{"id":15189,"href":"https:\/\/heike-dahms.ch\/stage\/index.php\/wp-json\/wp\/v2\/posts\/15085\/revisions\/15189"}],"wp:featuredmedia":[{"embeddable":true,"href":"https:\/\/heike-dahms.ch\/stage\/index.php\/wp-json\/wp\/v2\/media\/3046"}],"wp:attachment":[{"href":"https:\/\/heike-dahms.ch\/stage\/index.php\/wp-json\/wp\/v2\/media?parent=15085"}],"wp:term":[{"taxonomy":"category","embeddable":true,"href":"https:\/\/heike-dahms.ch\/stage\/index.php\/wp-json\/wp\/v2\/categories?post=15085"},{"taxonomy":"post_tag","embeddable":true,"href":"https:\/\/heike-dahms.ch\/stage\/index.php\/wp-json\/wp\/v2\/tags?post=15085"}],"curies":[{"name":"wp","href":"https:\/\/api.w.org\/{rel}","templated":true}]}}