{"id":15133,"date":"2016-01-01T09:20:27","date_gmt":"2016-01-01T08:20:27","guid":{"rendered":"https:\/\/heike-dahms.ch\/stage\/?p=15133"},"modified":"2026-03-15T13:20:41","modified_gmt":"2026-03-15T12:20:41","slug":"duokonzert-mit-dem-duo-escarlata-2","status":"publish","type":"post","link":"https:\/\/heike-dahms.ch\/stage\/index.php\/duokonzert-mit-dem-duo-escarlata-2\/","title":{"rendered":"DuoKonzert mit dem Duo Escarlata"},"content":{"rendered":"<h2>Daniela Roos \u2013 Violoncello und Ina Callejas \u2013 Akkordeon<\/h2>\n<p>&nbsp;<\/p>\n<h2><strong>Sonntag, den 10. Januar 2027 <\/strong>um <strong>17.00 Uhr<\/strong><\/h2>\n<p>&nbsp;<\/p>\n<p><a href=\"https:\/\/heike-dahms.ch\/stage\/wp-content\/uploads\/2026\/01\/Duo-Escarlata-1.jpg\"><img loading=\"lazy\" decoding=\"async\" class=\"alignnone  wp-image-15135\" src=\"https:\/\/heike-dahms.ch\/stage\/wp-content\/uploads\/2026\/01\/Duo-Escarlata-1-300x200.jpg\" alt=\"Duo Escarlata\" width=\"425\" height=\"283\" srcset=\"https:\/\/heike-dahms.ch\/stage\/wp-content\/uploads\/2026\/01\/Duo-Escarlata-1-300x200.jpg 300w, https:\/\/heike-dahms.ch\/stage\/wp-content\/uploads\/2026\/01\/Duo-Escarlata-1-449x300.jpg 449w, https:\/\/heike-dahms.ch\/stage\/wp-content\/uploads\/2026\/01\/Duo-Escarlata-1.jpg 668w\" sizes=\"auto, (max-width: 425px) 100vw, 425px\" \/><\/a><\/p>\n<h3>15 Jahre Duo Escarlata<\/h3>\n<p>Das 15-j\u00e4hrige Jubil\u00e4um des Duo Escarlata feiern Daniela Roos (Violoncello) und Ina Callejas (Akkordeon) mit einer eindr\u00fccklichen musikalischen Klangreise.<br \/>\nVon Vivaldis italienischem Feuer und Boccherinis galantem Esprit f\u00fchrt der Weg \u00fcber romantische Farben von Reger und Dvo\u0159\u00e1k bis hin zum virtuosen Popper und Martin\u016fs ra\ufb03nierter Moderne. Selten geh\u00f6rte Kostbarkeiten wie Mo\ufb00ats Alt-italienische Melodien und Sgambatis Serenata napoletana verleihen mediterranes Leuchten.<br \/>\nDas Programm verbindet Leidenschaft, Eleganz und Tiefgang \u2013 ein musikalischer Bogen \u00fcber drei Jahrhunderte, voller Farben und Geschichten und wie gescha\ufb00en f\u00fcr das Jubil\u00e4um des Duo Escarlata.<\/p>\n<h3>\u00a0<\/h3>\n<h3><strong>Eine musikalische Reise von Italien nach B\u00f6hmen<\/strong><\/h3>\n<p><strong>Antonio Vivaldi (1678\u20131741)<\/strong><br \/>\nSonate Nr. 3 a-Moll RV 43<br \/>\n<em>Largo &#8211; Allegro &#8211; Largo &#8211; Allegro<\/em><\/p>\n<p><strong>Alfred Mo\ufb00at (1863\u20131950)<\/strong><br \/>\naus: F\u00fcnf Alt-italienische Melodien op. 50<br \/>\n<em>4. La Partenza (Romanza, 1710)<\/em><br \/>\n<em>5. Ballo (um 1750)<\/em><\/p>\n<p>\n<strong>Giovanni Sgambati <\/strong>(1841\u20131914)<br \/>\nSerenata napoletana op. 24 Nr. 2<\/p>\n<p><strong>Luigi Boccherini (1743\u20131805)<br \/>\n<\/strong>aus: Sonate Nr. 6 A-Dur G. 4<br \/>\n<em>Adagio &#8211; Allegro<\/em><\/p>\n<p><strong>Max Reger (1873\u20131916)<br \/>\n<\/strong>Romanze a-Moll WoO IV\/11<br \/>\n<em>original f\u00fcr Harmonium<\/em><\/p>\n<p><strong>Anton\u00edn Dvo\u0159\u00e1k (1841\u20131904)<\/strong><br \/>\nRondo op. 94<\/p>\n<p><strong>Bohuslav Martin\u016f<\/strong> <strong>(1890\u20131959)<br \/>\n<\/strong>Nocturne IV<\/p>\n<p><strong>David Popper (1843\u20131913)<br \/>\n<\/strong>Gavotte op. 23 Nr. 2<br \/>\nTarantella op. 33<\/p>\n<p>&nbsp;<\/p>\n<h1><a href=\"https:\/\/heike-dahms.ch\/stage\/index.php\/anmeldung\/\" target=\"_blank\" rel=\"noopener\"><strong>Jetzt anmelden<\/strong><\/a><\/h1>\n<h4>\u00a0<\/h4>\n<h4><strong>Duo Escarlata<br \/>\n<\/strong><\/h4>\n<p><a href=\"https:\/\/heike-dahms.ch\/stage\/wp-content\/uploads\/2026\/01\/Duo-Escarlata-Logo.jpg\"><img loading=\"lazy\" decoding=\"async\" class=\"size-full wp-image-15134 alignleft\" src=\"https:\/\/heike-dahms.ch\/stage\/wp-content\/uploads\/2026\/01\/Duo-Escarlata-Logo.jpg\" alt=\"\" width=\"212\" height=\"120\" \/><\/a><\/p>\n<p>Das leuchtende Scharlachrot der Amaryllis-Bl\u00fcte, Sinnbild f\u00fcr Ausdruckskraft und Eleganz, steht Pate f\u00fcr den Namen und das Logo des Duo Escarlata. Seit seiner Gr\u00fcndung im Fr\u00fchjahr 2011 begeben sich die Violoncellistin Daniela Roos und die Akkordeonistin Ina Callejas auf faszinierendes musikalisches Neuland: Die ungew\u00f6hnliche Verbindung ihrer Instrumente er\u00f6\ufb00net eine Klangwelt von \u00fcberraschender Tiefe und Farbigkeit \u2013 zugleich vertraut und doch unerh\u00f6rt neu.<br \/>\nMit Leidenschaft und feinem Selbstbewusstsein widmen sich die beiden Musikerinnen einem Repertoire, das von der Renaissance \u00fcber Barock und Klassik bis in die Moderne reicht. In unerm\u00fcdlicher Suche nach einem authentischen, zugleich individuellen Klangbild entstehen eigene Transkriptionen und kunstvoll gearbeitete Arrangements. Dabei verschieben sich bisweilen die gewohnten Rollen: Eine Melodie des Cellos kann pl\u00f6tzlich im Akkordeon aufbl\u00fchen, w\u00e4hrend das Violoncello die harmonische Basis legt \u2013 ein Dialog, der stets aufs Neue \u00fcberrascht.<br \/>\nEinen besonderen Meilenstein markiert das eigene Arrangement von Camille Saint-Sa\u00ebns\u2019 \u00abKarneval der Tiere\u00bb \u2013 inzwischen \u00fcber 50 Mal aufgef\u00fchrt und stets ein Publikumserfolg dank seines farbenreichen Klangspektrums und den pointierten Textpassagen von Felix Bierich, die Jung und Alt gleichermassen fesseln.<br \/>\nF\u00fcr ihre k\u00fcnstlerische Originalit\u00e4t und Ausdruckskraft wurden die Musikerinnen mit dem F\u00f6rderpreis \u00abPro Argovia Artist 2012\/2013\u00bb ausgezeichnet. Seither f\u00fchren sie ihre Musik in Konzerts\u00e4len in der ganzen Schweiz und in Deutschland auf und erfreuen sich einer stetig wachsenden H\u00f6rerschaft.<br \/>\n2014 erschien die Deb\u00fct-CD \u00abIm Volkston\u00bb bei GENUIN classics mit Werken von Schumann, Dvo\u0159\u00e1k und Martin\u016f; 2016 folgte die zweite Einspielung \u00abHerzst\u00fccke\u00bb mit Kompositionen von Popper, de Falla, Cassad\u00f3, O\ufb00enbach, Piazzolla und anderen. Beide Alben zeugen von der Vielseitigkeit, Pr\u00e4zision und Ausdruckskraft, die das Duo Escarlata zu einem unverwechselbaren Klanggespann machen.<\/p>\n<p><a href=\"https:\/\/heike-dahms.ch\/stage\/wp-content\/uploads\/2026\/01\/Duo-Escarlata-3.jpg\"><img loading=\"lazy\" decoding=\"async\" class=\"alignnone size-medium wp-image-15136\" src=\"https:\/\/heike-dahms.ch\/stage\/wp-content\/uploads\/2026\/01\/Duo-Escarlata-3-300x201.jpg\" alt=\"\" width=\"300\" height=\"201\" srcset=\"https:\/\/heike-dahms.ch\/stage\/wp-content\/uploads\/2026\/01\/Duo-Escarlata-3-300x201.jpg 300w, https:\/\/heike-dahms.ch\/stage\/wp-content\/uploads\/2026\/01\/Duo-Escarlata-3-1024x685.jpg 1024w, https:\/\/heike-dahms.ch\/stage\/wp-content\/uploads\/2026\/01\/Duo-Escarlata-3-768x514.jpg 768w, https:\/\/heike-dahms.ch\/stage\/wp-content\/uploads\/2026\/01\/Duo-Escarlata-3-1536x1028.jpg 1536w, https:\/\/heike-dahms.ch\/stage\/wp-content\/uploads\/2026\/01\/Duo-Escarlata-3-448x300.jpg 448w, https:\/\/heike-dahms.ch\/stage\/wp-content\/uploads\/2026\/01\/Duo-Escarlata-3.jpg 1821w\" sizes=\"auto, (max-width: 300px) 100vw, 300px\" \/><\/a><\/p>\n<p><a href=\"http:\/\/www.duo-escarlata.com\" target=\"_blank\" rel=\"noopener noreferrer\"><strong>www.duo-escarlata.com<\/strong><\/a><\/p>\n<h4>\u00a0<\/h4>\n<h4><strong>Daniela Roos \u2013 Violoncello<\/strong><\/h4>\n<p>Die Aargauer Cellistin Daniela Roos f\u00fchrt eine rege solistische und kammermusikalische Konzertt\u00e4tigkeit im In- und Ausland. Sie wurde u. a. eingeladen zu Konzerten in der Schweizer Botschaft in Berlin, im Rahmen des Beethovenfestes Bonn, zum Opernfestival in Avenches, dem Filmfestival Z\u00fcrich mit der Pepe Lienhard Band, den Schlossfestspielen Innsbruck und dem Davos Festival, zu den Briger Schlossn\u00e4chten, dem Swiss Indoors in Basel, an das ESAF und zu Andermatt Classics. Des Weiteren steht sie regelm\u00e4ssig mit Nelly Patty, Stephan Eicher und Florian Ast auf der B\u00fchne. Sie wirkte bei diversen Fernseh- und CD-Aufnahmen mit.<br \/>\nDaniela Roos absolvierte ihr Studium an der Hochschule f\u00fcr Musik in Luzern bei Prof. Guido Schiefen und Prof. Marek Jerie (Violoncello) sowie bei Prof. Martin Zeller (Barockcello und Viola da Gamba) und schloss ihren Master of Arts 2011 mit Auszeichnung ab. Sie rundete ihre Ausbildung durch aktive Teilnahme an Meisterkursen bei Gerhart Darmstadt, Valentin Erben, J\u00e1nos Starker, Mischa Strauss, Troels Svane, Wen-Sinn Yang und dem Guarneri Trio Prague ab. Wichtige musikalische Inspirationen und Impulse erhielt sie zudem durch Unterricht bei Antonio Meneses und Claude Starck.<br \/>\nDaniela Roos ist Cellistin des Duo Escarlata, mit dem sie einen Aargauer F\u00f6rderpreis gewonnen hat, vom Trio Sorriso, vom Classic Ensemble \u00abSalut d\u2019Amour\u00bb und vom Duo Montana. Sie spielt regelm\u00e4ssig in der Camerata Schweiz und ist Mitglied des Swiss Orchestra, vom Christoph Walter Orchestra und der Sinfonietta Schaffhausen. Ihr musikalisches Scha\ufb00en wurde 2021 mit einem F\u00f6rderpreis vom Aargauer Kuratorium gew\u00fcrdigt.<br \/>\nDaniela Roos leitet seit mehr als zehn Jahren die erfolgreiche Aargauer Konzertreihe Sonaare.<\/p>\n<p><a href=\"https:\/\/heike-dahms.ch\/stage\/wp-content\/uploads\/2026\/01\/Roos-Daniela.jpg\"><img loading=\"lazy\" decoding=\"async\" class=\"alignnone size-medium wp-image-15137\" src=\"https:\/\/heike-dahms.ch\/stage\/wp-content\/uploads\/2026\/01\/Roos-Daniela-182x300.jpg\" alt=\"Daniela Roos\" width=\"182\" height=\"300\" srcset=\"https:\/\/heike-dahms.ch\/stage\/wp-content\/uploads\/2026\/01\/Roos-Daniela-182x300.jpg 182w, https:\/\/heike-dahms.ch\/stage\/wp-content\/uploads\/2026\/01\/Roos-Daniela.jpg 244w\" sizes=\"auto, (max-width: 182px) 100vw, 182px\" \/><\/a><\/p>\n<h4>\u00a0<\/h4>\n<h4><strong>Ina Callejas \u2013 Akkordeon<\/strong><\/h4>\n<p>Ina Callejas ist eine international agierende Akkordeonistin. Sie pr\u00e4sentiert ihr Instrument auf Festivals, wie dem Lucerne Festival und dem Schleswig-Holstein Musik Festival, dem Warschauer Herbst, dem Davos Festival \u00abYoung Artists in Concert\u00bb, Donaueschingen O\ufb00 und den \u00abBludenzer Tagen zeitgem\u00e4\u00dfer Musik\u00bb sowie in Projekten mit Ensembles f\u00fcr Neue Musik, wie Ensemble Contrechamps und Ensemble Interface. Konzertreisen f\u00fchrten sie in zahlreiche europ\u00e4ische L\u00e4nder sowie nach Russland, Israel\/Pal\u00e4stina und die USA.<br \/>\nSeit 2010 spielt Ina Callejas regelm\u00e4ssig am Opernhaus Z\u00fcrich; bei weiteren Engagements konzertierte sie u. a. mit dem hr-Sinfonieorchester, dem Hessischen Staatsorchester Wiesbaden, dem Tonhalle-Orchester Z\u00fcrich, der Staatsphilharmonie Rheinland-Pfalz, dem Berner Symphonieorchester, dem Luzerner Sinfonieorchester, der Sinfonietta Scha\ufb00hausen und am Bolschoi-Theater Moskau. Zusammen mit der Schweizer Cellistin Daniela Roos gr\u00fcndete sie das \u00abDuo Escarlata\u00bb, welches zu Pro Argovia Artists 2012\/2013 ernannt wurde und zwei CDs ver\u00f6\ufb00entlichte.<br \/>\nNeben ihrer Vorliebe, dem Musizieren mit S\u00e4nger:innen, ist sie zudem als \u00abDuo Croquembouche\u00bb (mit Saxophon), \u00abDuo Fl\u00fbt\u2019accord\u00bb (mit Fl\u00f6te) und \u00abDuo Moir\u00e9\u00bb (mit Violine) unterwegs. Sie ist 1. Vorsitzende des gemeinn\u00fctzigen Vereins \u00abHighNoon \u2013 Freunde Neuer Musik e.V.\u00bb mit Sitz in Konstanz.<br \/>\nIhren Master of Arts schloss Ina Callejas bei Prof. Teodoro Anzellotti an der Hochschule der K\u00fcnste Bern mit Auszeichnung ab, zuvor hatte sie bereits in Trossingen bei Prof. Hugo Noth und Prof. Hans Maier sowie in San Sebasti\u00e1n bei Prof. I\u00f1aki Alberdi studiert. Wichtige Impulse erhielt sie ausserdem bei Pers\u00f6nlichkeiten wie Stefan Hussong, Janne R\u00e4ky\u00e4 und Geir Draugsvoll.<br \/>\nSie erhielt Stipendien der J\u00fcrgen Ponto-Stiftung, der Landesstiftung Baden-W\u00fcrttemberg und der Studienstiftung des deutschen Volkes.<\/p>\n<p><a href=\"https:\/\/heike-dahms.ch\/stage\/wp-content\/uploads\/2026\/01\/Callejas-Ina.jpg\"><img loading=\"lazy\" decoding=\"async\" class=\"alignnone size-medium wp-image-15138\" src=\"https:\/\/heike-dahms.ch\/stage\/wp-content\/uploads\/2026\/01\/Callejas-Ina-275x300.jpg\" alt=\"Ina Callejas\" width=\"275\" height=\"300\" srcset=\"https:\/\/heike-dahms.ch\/stage\/wp-content\/uploads\/2026\/01\/Callejas-Ina-275x300.jpg 275w, https:\/\/heike-dahms.ch\/stage\/wp-content\/uploads\/2026\/01\/Callejas-Ina.jpg 302w\" sizes=\"auto, (max-width: 275px) 100vw, 275px\" \/><\/a><\/p>\n<p><a href=\"http:\/\/www.inacallejas.de\/\" target=\"_blank\" rel=\"noopener\"><strong>www.inacallejas.de<\/strong><\/a><\/p>\n","protected":false},"excerpt":{"rendered":"<p>Daniela Roos \u2013 Violoncello und Ina Callejas \u2013 Akkordeon &nbsp; Sonntag, den 10. Januar 2027 um 17.00 Uhr &nbsp; 15 Jahre Duo Escarlata Das 15-j\u00e4hrige Jubil\u00e4um des Duo Escarlata feiern Daniela Roos (Violoncello) und Ina Callejas (Akkordeon) mit einer eindr\u00fccklichen &hellip; <a class=\"more-link\" href=\"https:\/\/heike-dahms.ch\/stage\/index.php\/duokonzert-mit-dem-duo-escarlata-2\/\">Weiterlesen <span class=\"meta-nav\">&rarr;<\/span><\/a><\/p>\n","protected":false},"author":3,"featured_media":15139,"comment_status":"closed","ping_status":"closed","sticky":false,"template":"","format":"standard","meta":{"footnotes":""},"categories":[15],"tags":[],"class_list":["post-15133","post","type-post","status-publish","format-standard","has-post-thumbnail","hentry","category-konzerte-und-kulturelles"],"acf":[],"_links":{"self":[{"href":"https:\/\/heike-dahms.ch\/stage\/index.php\/wp-json\/wp\/v2\/posts\/15133","targetHints":{"allow":["GET"]}}],"collection":[{"href":"https:\/\/heike-dahms.ch\/stage\/index.php\/wp-json\/wp\/v2\/posts"}],"about":[{"href":"https:\/\/heike-dahms.ch\/stage\/index.php\/wp-json\/wp\/v2\/types\/post"}],"author":[{"embeddable":true,"href":"https:\/\/heike-dahms.ch\/stage\/index.php\/wp-json\/wp\/v2\/users\/3"}],"replies":[{"embeddable":true,"href":"https:\/\/heike-dahms.ch\/stage\/index.php\/wp-json\/wp\/v2\/comments?post=15133"}],"version-history":[{"count":5,"href":"https:\/\/heike-dahms.ch\/stage\/index.php\/wp-json\/wp\/v2\/posts\/15133\/revisions"}],"predecessor-version":[{"id":15300,"href":"https:\/\/heike-dahms.ch\/stage\/index.php\/wp-json\/wp\/v2\/posts\/15133\/revisions\/15300"}],"wp:featuredmedia":[{"embeddable":true,"href":"https:\/\/heike-dahms.ch\/stage\/index.php\/wp-json\/wp\/v2\/media\/15139"}],"wp:attachment":[{"href":"https:\/\/heike-dahms.ch\/stage\/index.php\/wp-json\/wp\/v2\/media?parent=15133"}],"wp:term":[{"taxonomy":"category","embeddable":true,"href":"https:\/\/heike-dahms.ch\/stage\/index.php\/wp-json\/wp\/v2\/categories?post=15133"},{"taxonomy":"post_tag","embeddable":true,"href":"https:\/\/heike-dahms.ch\/stage\/index.php\/wp-json\/wp\/v2\/tags?post=15133"}],"curies":[{"name":"wp","href":"https:\/\/api.w.org\/{rel}","templated":true}]}}