{"id":15179,"date":"2016-01-01T09:25:46","date_gmt":"2016-01-01T08:25:46","guid":{"rendered":"https:\/\/heike-dahms.ch\/stage\/?p=15179"},"modified":"2026-01-28T20:49:25","modified_gmt":"2026-01-28T19:49:25","slug":"lesung-zum-advent-agatha-christie","status":"publish","type":"post","link":"https:\/\/heike-dahms.ch\/stage\/index.php\/lesung-zum-advent-agatha-christie\/","title":{"rendered":"Lesung zum Advent: Agatha Christie"},"content":{"rendered":"<h2>Szenische Lesung mit Michael Scheid<\/h2>\n<p>&nbsp;<\/p>\n<h2><strong>Sonntag, den 13. Dezember 2026 <\/strong>um 11.00 Uhr<\/h2>\n<p>&nbsp;<\/p>\n<p><a href=\"https:\/\/heike-dahms.ch\/stage\/wp-content\/uploads\/2026\/01\/Scheid-Michael.jpg\"><img loading=\"lazy\" decoding=\"async\" class=\"alignnone  wp-image-15181\" src=\"https:\/\/heike-dahms.ch\/stage\/wp-content\/uploads\/2026\/01\/Scheid-Michael-204x300.jpg\" alt=\"Michael Scheid\" width=\"283\" height=\"416\" srcset=\"https:\/\/heike-dahms.ch\/stage\/wp-content\/uploads\/2026\/01\/Scheid-Michael-204x300.jpg 204w, https:\/\/heike-dahms.ch\/stage\/wp-content\/uploads\/2026\/01\/Scheid-Michael-696x1024.jpg 696w, https:\/\/heike-dahms.ch\/stage\/wp-content\/uploads\/2026\/01\/Scheid-Michael-768x1130.jpg 768w, https:\/\/heike-dahms.ch\/stage\/wp-content\/uploads\/2026\/01\/Scheid-Michael-1044x1536.jpg 1044w, https:\/\/heike-dahms.ch\/stage\/wp-content\/uploads\/2026\/01\/Scheid-Michael-1392x2048.jpg 1392w, https:\/\/heike-dahms.ch\/stage\/wp-content\/uploads\/2026\/01\/Scheid-Michael.jpg 1824w\" sizes=\"auto, (max-width: 283px) 100vw, 283px\" \/><\/a><\/p>\n<h4><strong>Es begab sich aber &#8230;<\/strong><\/h4>\n<h4>Weihnachtliche Wundergeschichten<\/h4>\n<p>&nbsp;<\/p>\n<p>Eine wunderbare Sammlung und eine echte \u00dcberraschung.<br \/>\n<strong>Agatha Christie<\/strong> einmal ganz anders.<br \/>\nZauberhafte Geschichten von irdischen Wundern, wundersamen Begebenheiten, sonderbaren Heiligen und Menschen, denen Wundersames widerf\u00e4hrt.<br \/>\nMit Herz, Fantasie und untr\u00fcglichem Sinn f\u00fcr das, was oft neben der Alltagsrealit\u00e4t steht, zeigt Agatha Christie, dass immer und \u00fcberall Wunder auf uns warten k\u00f6nnen, solange wir nur den Glauben daran bewahren.<\/p>\n<p>Vor 50 Jahren, im Januar 1976, starb Agatha Christie, die als \u00abQueen of Crime\u00bb ber\u00fchmt gewordene Autorin zahlreicher Kriminalgeschichten.<br \/>\nVier Monate zuvor, im September 1975 hatte sie Michael Scheid ihr Autogramm geschickt.<\/p>\n<p>Nun freut sich Michael Scheid, der bereits in einer Theaterproduktion Agatha Christies Meisterdetektiv Hercule Poirot darstellte, darauf, ihre Weihnachtsgeschichten vorzutragen.<\/p>\n<p><a href=\"https:\/\/heike-dahms.ch\/stage\/wp-content\/uploads\/2026\/01\/Scheid-Michael-Agatha-Christie.jpeg\"><img loading=\"lazy\" decoding=\"async\" class=\"alignnone  wp-image-15182\" src=\"https:\/\/heike-dahms.ch\/stage\/wp-content\/uploads\/2026\/01\/Scheid-Michael-Agatha-Christie-300x225.jpeg\" alt=\"Michael Scheid: Agatha Christie\" width=\"451\" height=\"338\" srcset=\"https:\/\/heike-dahms.ch\/stage\/wp-content\/uploads\/2026\/01\/Scheid-Michael-Agatha-Christie-300x225.jpeg 300w, https:\/\/heike-dahms.ch\/stage\/wp-content\/uploads\/2026\/01\/Scheid-Michael-Agatha-Christie-1024x768.jpeg 1024w, https:\/\/heike-dahms.ch\/stage\/wp-content\/uploads\/2026\/01\/Scheid-Michael-Agatha-Christie-768x576.jpeg 768w, https:\/\/heike-dahms.ch\/stage\/wp-content\/uploads\/2026\/01\/Scheid-Michael-Agatha-Christie-1536x1152.jpeg 1536w, https:\/\/heike-dahms.ch\/stage\/wp-content\/uploads\/2026\/01\/Scheid-Michael-Agatha-Christie-2048x1536.jpeg 2048w, https:\/\/heike-dahms.ch\/stage\/wp-content\/uploads\/2026\/01\/Scheid-Michael-Agatha-Christie-400x300.jpeg 400w\" sizes=\"auto, (max-width: 451px) 100vw, 451px\" \/><\/a><\/p>\n<p>&nbsp;<\/p>\n<h4><strong>Zum Sprecher<\/strong><\/h4>\n<p><strong>Michael Scheid<\/strong><br \/>\nGeboren 1962 in Heidelberg. Autodidaktisches Studium der Zauberkunst. Schauspielunterricht bei Rolf G\u00fcnther in M\u00fcnchen und an der Schauspielakademie Z\u00fcrich. Anthroposophisches Studienjahr bei Georg Goelzer am Goetheanum. Diplom in Sprachgestaltung und Dramatischer Kunst. Kunsttherapeut ED in der Fachrichtung Sprache und Drama. Berufliche T\u00e4tigkeit als Therapeut in heilp\u00e4dagogischen Institutionen und eigener Praxis. Auftritte als Zauberk\u00fcnstler, Schauspieler (Diabelli, Hercule Poirot) und M\u00e4rchenerz\u00e4hler. Gr\u00fcndung des Puppentheaters Blaue B\u00fchne.<br \/>\n<a href=\"http:\/\/www.miki-zauber.ch\" target=\"_blank\" rel=\"noopener\"><strong>www.michaelscheid.ch<\/strong><\/a><\/p>\n<p>&nbsp;<\/p>\n<h1><a href=\"https:\/\/heike-dahms.ch\/stage\/index.php\/anmeldung\/\" target=\"_blank\" rel=\"noopener\"><strong>Jetzt anmelden<\/strong><\/a><\/h1>\n<p><strong><br \/>\nAnmeldung erbeten bis Samstag, 12. Dezember 2026<\/strong><\/p>\n","protected":false},"excerpt":{"rendered":"<p>Szenische Lesung mit Michael Scheid &nbsp; Sonntag, den 13. Dezember 2026 um 11.00 Uhr &nbsp; Es begab sich aber &#8230; Weihnachtliche Wundergeschichten &nbsp; Eine wunderbare Sammlung und eine echte \u00dcberraschung. Agatha Christie einmal ganz anders. Zauberhafte Geschichten von irdischen Wundern, &hellip; <a class=\"more-link\" href=\"https:\/\/heike-dahms.ch\/stage\/index.php\/lesung-zum-advent-agatha-christie\/\">Weiterlesen <span class=\"meta-nav\">&rarr;<\/span><\/a><\/p>\n","protected":false},"author":3,"featured_media":15180,"comment_status":"closed","ping_status":"closed","sticky":false,"template":"","format":"standard","meta":{"footnotes":""},"categories":[15],"tags":[],"class_list":["post-15179","post","type-post","status-publish","format-standard","has-post-thumbnail","hentry","category-konzerte-und-kulturelles"],"acf":[],"_links":{"self":[{"href":"https:\/\/heike-dahms.ch\/stage\/index.php\/wp-json\/wp\/v2\/posts\/15179","targetHints":{"allow":["GET"]}}],"collection":[{"href":"https:\/\/heike-dahms.ch\/stage\/index.php\/wp-json\/wp\/v2\/posts"}],"about":[{"href":"https:\/\/heike-dahms.ch\/stage\/index.php\/wp-json\/wp\/v2\/types\/post"}],"author":[{"embeddable":true,"href":"https:\/\/heike-dahms.ch\/stage\/index.php\/wp-json\/wp\/v2\/users\/3"}],"replies":[{"embeddable":true,"href":"https:\/\/heike-dahms.ch\/stage\/index.php\/wp-json\/wp\/v2\/comments?post=15179"}],"version-history":[{"count":5,"href":"https:\/\/heike-dahms.ch\/stage\/index.php\/wp-json\/wp\/v2\/posts\/15179\/revisions"}],"predecessor-version":[{"id":15188,"href":"https:\/\/heike-dahms.ch\/stage\/index.php\/wp-json\/wp\/v2\/posts\/15179\/revisions\/15188"}],"wp:featuredmedia":[{"embeddable":true,"href":"https:\/\/heike-dahms.ch\/stage\/index.php\/wp-json\/wp\/v2\/media\/15180"}],"wp:attachment":[{"href":"https:\/\/heike-dahms.ch\/stage\/index.php\/wp-json\/wp\/v2\/media?parent=15179"}],"wp:term":[{"taxonomy":"category","embeddable":true,"href":"https:\/\/heike-dahms.ch\/stage\/index.php\/wp-json\/wp\/v2\/categories?post=15179"},{"taxonomy":"post_tag","embeddable":true,"href":"https:\/\/heike-dahms.ch\/stage\/index.php\/wp-json\/wp\/v2\/tags?post=15179"}],"curies":[{"name":"wp","href":"https:\/\/api.w.org\/{rel}","templated":true}]}}