{"id":15199,"date":"2025-11-02T19:37:58","date_gmt":"2025-11-02T18:37:58","guid":{"rendered":"https:\/\/heike-dahms.ch\/stage\/?p=15199"},"modified":"2026-03-05T20:20:25","modified_gmt":"2026-03-05T19:20:25","slug":"seminar-mit-peter-buechi-4","status":"publish","type":"post","link":"https:\/\/heike-dahms.ch\/stage\/index.php\/seminar-mit-peter-buechi-4\/","title":{"rendered":"Seminar mit Peter B\u00fcchi"},"content":{"rendered":"<h4><strong>Aufbruch mit Schwung zu neuen Perspektiven durch lebendiges Formenzeichnen<\/strong><\/h4>\n<p>&nbsp;<\/p>\n<p>Seminar: <strong>14.11.2026 <\/strong>von <strong>9.00\u201318.00 Uhr <\/strong><strong>\/ 15.11.2026<\/strong>\u00a0von <strong>9.00\u201317.00 Uhr<\/strong><\/p>\n<p>Konzert: <strong>14.11.2026<\/strong>\u00a0um <strong>19.30 Uhr<\/strong>: <a href=\"https:\/\/heike-dahms.ch\/stage\/index.php\/triokonzert-mit-dem-trio-note-a-note-2\/\" target=\"_blank\" rel=\"noopener\">TrioKonzert mit dem Trio Note \u00e0 Note<\/a><\/p>\n<p>&nbsp;<\/p>\n<p>Wir werden lebendiges Formenzeichnen gemeinsam pflegen zur Entfaltung und St\u00e4rkung der eigenen sch\u00f6pferischen Kr\u00e4fte und zu einem vertieften Verst\u00e4ndnis unseres Lebens. Aufmerksamkeit und Entdeckerfreude f\u00fcr Formqualit\u00e4ten in unserer Umwelt werden geweckt. Es wird Bewusstsein entwickelt f\u00fcr entscheidende Punkte und Wendepunkte in der Raumorientierung. Zeichnerische Erlebnisse k\u00f6nnen zu positiver Erfahrung werden und bei der Bew\u00e4ltigung verschiedener Traumata helfen. Formenzeichnen wird als M\u00f6glichkeit des pers\u00f6nlichen Schulungsweges erlebbar.<\/p>\n<p>&nbsp;<\/p>\n<h1><a href=\"https:\/\/heike-dahms.ch\/stage\/index.php\/anmeldung\/\" target=\"_blank\" rel=\"noopener\"><strong>Jetzt anmelden<\/strong><\/a><\/h1>\n<h4><strong>Anmeldung erbeten bis Freitag, 13. November 2026<\/strong><\/h4>\n<p>&nbsp;<\/p>\n<p><a href=\"https:\/\/heike-dahms.ch\/stage\/wp-content\/uploads\/2024\/12\/Buechi-Peter.jpg\"><img loading=\"lazy\" decoding=\"async\" class=\"alignnone size-medium wp-image-14485\" src=\"https:\/\/heike-dahms.ch\/stage\/wp-content\/uploads\/2024\/12\/Buechi-Peter-232x300.jpg\" alt=\"Peter B\u00fcchi\" width=\"232\" height=\"300\" srcset=\"https:\/\/heike-dahms.ch\/stage\/wp-content\/uploads\/2024\/12\/Buechi-Peter-232x300.jpg 232w, https:\/\/heike-dahms.ch\/stage\/wp-content\/uploads\/2024\/12\/Buechi-Peter.jpg 241w\" sizes=\"auto, (max-width: 232px) 100vw, 232px\" \/><\/a><\/p>\n<p><strong>Peter B\u00fcchi (*1943)<\/strong><\/p>\n<p>Nach 40 Jahren als Primarlehrer: Rentner und Formenzeichner. Erfahrung als Kursleiter in vielen Arbeitsgruppen. Therapeutisches Formenzeichnen im Altersheim Sonnengarten. Autor des neu erschienenen B\u00fcchleins \u00abFormen bewegen, Formen erleben \u2013 durch lebendiges Formenzeichnen zur St\u00e4rkung der Lebenskr\u00e4fte \u2013 Anregungen zum heilsamen Bewegen f\u00fcr Pflegende und Therapeuten\u00bb, erh\u00e4ltlich \u00fcber die Buchhandlung am Goetheanum.<\/p>\n","protected":false},"excerpt":{"rendered":"<p>Aufbruch mit Schwung zu neuen Perspektiven durch lebendiges Formenzeichnen &nbsp; Seminar: 14.11.2026 von 9.00\u201318.00 Uhr \/ 15.11.2026\u00a0von 9.00\u201317.00 Uhr Konzert: 14.11.2026\u00a0um 19.30 Uhr: TrioKonzert mit dem Trio Note \u00e0 Note &nbsp; Wir werden lebendiges Formenzeichnen gemeinsam pflegen zur Entfaltung und &hellip; <a class=\"more-link\" href=\"https:\/\/heike-dahms.ch\/stage\/index.php\/seminar-mit-peter-buechi-4\/\">Weiterlesen <span class=\"meta-nav\">&rarr;<\/span><\/a><\/p>\n","protected":false},"author":3,"featured_media":14484,"comment_status":"closed","ping_status":"closed","sticky":false,"template":"","format":"standard","meta":{"footnotes":""},"categories":[14],"tags":[],"class_list":["post-15199","post","type-post","status-publish","format-standard","has-post-thumbnail","hentry","category-aktuelle-seminare"],"acf":[],"_links":{"self":[{"href":"https:\/\/heike-dahms.ch\/stage\/index.php\/wp-json\/wp\/v2\/posts\/15199","targetHints":{"allow":["GET"]}}],"collection":[{"href":"https:\/\/heike-dahms.ch\/stage\/index.php\/wp-json\/wp\/v2\/posts"}],"about":[{"href":"https:\/\/heike-dahms.ch\/stage\/index.php\/wp-json\/wp\/v2\/types\/post"}],"author":[{"embeddable":true,"href":"https:\/\/heike-dahms.ch\/stage\/index.php\/wp-json\/wp\/v2\/users\/3"}],"replies":[{"embeddable":true,"href":"https:\/\/heike-dahms.ch\/stage\/index.php\/wp-json\/wp\/v2\/comments?post=15199"}],"version-history":[{"count":5,"href":"https:\/\/heike-dahms.ch\/stage\/index.php\/wp-json\/wp\/v2\/posts\/15199\/revisions"}],"predecessor-version":[{"id":15229,"href":"https:\/\/heike-dahms.ch\/stage\/index.php\/wp-json\/wp\/v2\/posts\/15199\/revisions\/15229"}],"wp:featuredmedia":[{"embeddable":true,"href":"https:\/\/heike-dahms.ch\/stage\/index.php\/wp-json\/wp\/v2\/media\/14484"}],"wp:attachment":[{"href":"https:\/\/heike-dahms.ch\/stage\/index.php\/wp-json\/wp\/v2\/media?parent=15199"}],"wp:term":[{"taxonomy":"category","embeddable":true,"href":"https:\/\/heike-dahms.ch\/stage\/index.php\/wp-json\/wp\/v2\/categories?post=15199"},{"taxonomy":"post_tag","embeddable":true,"href":"https:\/\/heike-dahms.ch\/stage\/index.php\/wp-json\/wp\/v2\/tags?post=15199"}],"curies":[{"name":"wp","href":"https:\/\/api.w.org\/{rel}","templated":true}]}}