{"id":15221,"date":"2026-03-05T17:54:41","date_gmt":"2026-03-05T16:54:41","guid":{"rendered":"https:\/\/heike-dahms.ch\/stage\/?p=15221"},"modified":"2026-03-05T17:54:41","modified_gmt":"2026-03-05T16:54:41","slug":"die-welt-der-heileurythmie-erkunden-und-die-lebensenergie-staerken-3","status":"publish","type":"post","link":"https:\/\/heike-dahms.ch\/stage\/index.php\/die-welt-der-heileurythmie-erkunden-und-die-lebensenergie-staerken-3\/","title":{"rendered":"Die Welt der Heileurythmie erkunden und die Lebensenergie st\u00e4rken"},"content":{"rendered":"<h2>\u00a0<\/h2>\n<h2><strong>Kurswochenende mit Kaspar Zett<\/strong><\/h2>\n<h4><strong>4.\u20135. Juli 2026<\/strong><\/h4>\n<p>&nbsp;<\/p>\n<p><a href=\"https:\/\/heike-dahms.ch\/stage\/wp-content\/uploads\/2024\/02\/IMG_20230530_212854_464-b.jpg\"><img loading=\"lazy\" decoding=\"async\" class=\"alignnone  wp-image-14016\" src=\"https:\/\/heike-dahms.ch\/stage\/wp-content\/uploads\/2024\/02\/IMG_20230530_212854_464-b-300x252.jpg\" alt=\"Kaspar Zett\" width=\"496\" height=\"417\" srcset=\"https:\/\/heike-dahms.ch\/stage\/wp-content\/uploads\/2024\/02\/IMG_20230530_212854_464-b-300x252.jpg 300w, https:\/\/heike-dahms.ch\/stage\/wp-content\/uploads\/2024\/02\/IMG_20230530_212854_464-b-1024x862.jpg 1024w, https:\/\/heike-dahms.ch\/stage\/wp-content\/uploads\/2024\/02\/IMG_20230530_212854_464-b-768x646.jpg 768w, https:\/\/heike-dahms.ch\/stage\/wp-content\/uploads\/2024\/02\/IMG_20230530_212854_464-b-1536x1292.jpg 1536w, https:\/\/heike-dahms.ch\/stage\/wp-content\/uploads\/2024\/02\/IMG_20230530_212854_464-b-2048x1723.jpg 2048w, https:\/\/heike-dahms.ch\/stage\/wp-content\/uploads\/2024\/02\/IMG_20230530_212854_464-b-357x300.jpg 357w\" sizes=\"auto, (max-width: 496px) 100vw, 496px\" \/><\/a><\/p>\n<p><strong>Kursbeschreibung<\/strong><\/p>\n<p>Heileurythmie ist eine sanfte und zugleich wirksame Bewegungstherapie, die K\u00f6rper, Seele und Geist einbezieht. Bewusst gef\u00fchrte Bewegungen l\u00f6sen Spannungen, regen die Selbstheilungskr\u00e4fte an und harmonisieren innere Abl\u00e4ufe. Sie wirkt regulierend auf Nervensystem, Atmung, Kreislauf und Stoffwechsel und f\u00f6rdert tiefe, nachhaltige Entspannung.<br \/>\nDie Verbindung von Bewegung, Atemrhythmus und innerer Ausrichtung st\u00e4rkt die K\u00f6rperwahrnehmung, beruhigt das Nervensystem, baut Stress ab und unterst\u00fctzt innere Stabilit\u00e4t. Die \u00dcbungen sind einfach erlernbar, lassen sich leicht in den Alltag integrieren und eignen sich sowohl zur Gesundheitsf\u00f6rderung als auch zur Resilienzst\u00e4rkung.<br \/>\nHeileurythmie bietet eine kraftvolle M\u00f6glichkeit, den eigenen Organismus in seinem nat\u00fcrlichen Gleichgewicht zu unterst\u00fctzen \u2013 achtsam, pr\u00e4zise und wohltuend.<\/p>\n<p>Dieses Wochenende l\u00e4dt ein, den eigenen K\u00f6rper als lebendiges Resonanzfeld zu erleben: wie Bewegung das Nervensystem beruhigt, wie Rhythmus innere R\u00e4ume ordnet und wie sich Vitalit\u00e4t von innen her erneuert.<\/p>\n<p>In achtsamen, klar gef\u00fchrten Bewegungssequenzen aus der Eurythmie und Heileurythmie \u2013 einer Methode, die Sprache, Rhythmus, Klang und Musik in lebendige Bewegungs- und K\u00f6rpererfahrung \u00fcbersetzt \u2013 \u00f6ffnen wir Wege zu mehr Leichtigkeit und Selbstregulation. Wir l\u00f6sen gestauten Stress, harmonisieren K\u00f6rperspannungen und st\u00e4rken die Kr\u00e4fte, die uns tragen, n\u00e4hren und beleben.<\/p>\n<p>&nbsp;<\/p>\n<p><strong>Zielgruppe und Voraussetzungen<\/strong><\/p>\n<p>Dieser Kurs richtet sich an alle Menschen, die ein neues K\u00f6rpergef\u00fchl entwickeln, innere Ruhe vertiefen oder gesundheitsf\u00f6rdernde Bewegungsimpulse in ihr Leben integrieren m\u00f6chten. Es braucht keine Vorerfahrung.<\/p>\n<p>&nbsp;<\/p>\n<p><strong>Bemerkungen<\/strong><\/p>\n<p>12 Stunden Fortbildung, EMR-\/ASCA-konform.<br \/>\nBei Bedarf k\u00f6nnen gezielt akute oder chronische, physiologische oder seelische Krankheitstendenzen thematisiert und\/oder im pers\u00f6nlichen Coaching besprochen werden.<br \/>\nMax. 10 Teilnehmende<\/p>\n<p>&nbsp;<\/p>\n<p><strong>Kurszeiten<\/strong><\/p>\n<p>Samstag, 04.07.2026, 10.15\u201313.15 Uhr und 17.30\u201320.30 Uhr<br \/>\nSonntag, 05.07.2026, 9.15\u201315.15 Uhr<\/p>\n<p>&nbsp;<\/p>\n<p><strong>Kursleitung<\/strong><\/p>\n<p><a href=\"https:\/\/heike-dahms.ch\/stage\/wp-content\/uploads\/2024\/02\/20230530_130722-rotated.jpg\"><img loading=\"lazy\" decoding=\"async\" class=\"size-medium wp-image-14015 alignleft\" src=\"https:\/\/heike-dahms.ch\/stage\/wp-content\/uploads\/2024\/02\/20230530_130722-225x300.jpg\" alt=\"Kaspar Zett\" width=\"225\" height=\"300\" srcset=\"https:\/\/heike-dahms.ch\/stage\/wp-content\/uploads\/2024\/02\/20230530_130722-225x300.jpg 225w, https:\/\/heike-dahms.ch\/stage\/wp-content\/uploads\/2024\/02\/20230530_130722-768x1024.jpg 768w, https:\/\/heike-dahms.ch\/stage\/wp-content\/uploads\/2024\/02\/20230530_130722-1152x1536.jpg 1152w, https:\/\/heike-dahms.ch\/stage\/wp-content\/uploads\/2024\/02\/20230530_130722-1536x2048.jpg 1536w\" sizes=\"auto, (max-width: 225px) 100vw, 225px\" \/><\/a>Kaspar Zett-Zerm, geb. 1962 am oberen Z\u00fcrichsee, Schweiz<br \/>\nAusbildungsleitung seit 2010, Dozent seit 2005<\/p>\n<p>Vater zweier Kinder<br \/>\n1997 Eurythmie-Diplom: Elena Zuccoli, Dornach<br \/>\n2009 Heileurythmie-Diplom, Dornach<br \/>\nund EMR-Anerkennung<br \/>\nStaatl. dipl. Kunsttherapeut\/Heileurythmie<br \/>\n(OdA ARTECURA\/HFP)<br \/>\nDipl. Ausbilder mit staatl. Fachausweis (ED)<br \/>\nExperte f\u00fcr die HFP bei der OdA-ARTECURA<br \/>\n(H\u00f6here Fachpr\u00fcfung Kunsttherapie)<br \/>\nIKAM-Auditor (Internationale Koordination Anthroposophische Medizin)<br \/>\nMitglied der Anthroposophischen Gesellschaft und der Freien Hochschule f\u00fcr Geisteswissenschaft<br \/>\nLangj\u00e4hrige eurythmische und heileurythmische Erfahrungen in verschiedenen Zusammenh\u00e4ngen, vielf\u00e4ltige Unterrichts-T\u00e4tigkeiten<br \/>\nAktuelle T\u00e4tigkeit: Schulleitung der Heileurythmie-Ausbildung Dornach, Heileurythmie-Dozent in verschiedenen Zusammenh\u00e4ngen im In- und Ausland, selbstst\u00e4ndige Heileurythmie-Praxis.<\/p>\n<p>&nbsp;<\/p>\n<h4><strong>Anmeldung erbeten bis Sonntag, 14. Juni 2026<\/strong><\/h4>\n<h1><a href=\"https:\/\/heike-dahms.ch\/stage\/index.php\/anmeldung\/\" target=\"_blank\" rel=\"noopener\"><strong>Jetzt anmelden<\/strong><\/a><\/h1>\n<p>&nbsp;<\/p>\n<h4><strong>YouTube-Video zum Anschauen:<\/strong><\/h4>\n<p><a href=\"https:\/\/www.youtube.com\/watch?v=95G0oNGhRHw\" target=\"_blank\" rel=\"noopener\">Im Rhythmus des Lebens \u2013 100 Jahre Heileurythmie<\/a><\/p>\n<p>&nbsp;<\/p>\n<h4><strong>Zur offiziellen Website der Heileurythmie-Ausbildung Dornach:<\/strong><\/h4>\n<p><a href=\"https:\/\/heileurythmie-ausbildung.ch\" target=\"_blank\" rel=\"noopener\">www.heileurythmie-ausbildung.ch<\/a><\/p>\n","protected":false},"excerpt":{"rendered":"<p>\u00a0 Kurswochenende mit Kaspar Zett 4.\u20135. Juli 2026 &nbsp; Kursbeschreibung Heileurythmie ist eine sanfte und zugleich wirksame Bewegungstherapie, die K\u00f6rper, Seele und Geist einbezieht. Bewusst gef\u00fchrte Bewegungen l\u00f6sen Spannungen, regen die Selbstheilungskr\u00e4fte an und harmonisieren innere Abl\u00e4ufe. Sie wirkt regulierend &hellip; <a class=\"more-link\" href=\"https:\/\/heike-dahms.ch\/stage\/index.php\/die-welt-der-heileurythmie-erkunden-und-die-lebensenergie-staerken-3\/\">Weiterlesen <span class=\"meta-nav\">&rarr;<\/span><\/a><\/p>\n","protected":false},"author":3,"featured_media":14017,"comment_status":"closed","ping_status":"closed","sticky":false,"template":"","format":"standard","meta":{"footnotes":""},"categories":[21],"tags":[],"class_list":["post-15221","post","type-post","status-publish","format-standard","has-post-thumbnail","hentry","category-kunst-und-kunsttherapie-seminare"],"acf":[],"_links":{"self":[{"href":"https:\/\/heike-dahms.ch\/stage\/index.php\/wp-json\/wp\/v2\/posts\/15221","targetHints":{"allow":["GET"]}}],"collection":[{"href":"https:\/\/heike-dahms.ch\/stage\/index.php\/wp-json\/wp\/v2\/posts"}],"about":[{"href":"https:\/\/heike-dahms.ch\/stage\/index.php\/wp-json\/wp\/v2\/types\/post"}],"author":[{"embeddable":true,"href":"https:\/\/heike-dahms.ch\/stage\/index.php\/wp-json\/wp\/v2\/users\/3"}],"replies":[{"embeddable":true,"href":"https:\/\/heike-dahms.ch\/stage\/index.php\/wp-json\/wp\/v2\/comments?post=15221"}],"version-history":[{"count":5,"href":"https:\/\/heike-dahms.ch\/stage\/index.php\/wp-json\/wp\/v2\/posts\/15221\/revisions"}],"predecessor-version":[{"id":15226,"href":"https:\/\/heike-dahms.ch\/stage\/index.php\/wp-json\/wp\/v2\/posts\/15221\/revisions\/15226"}],"wp:featuredmedia":[{"embeddable":true,"href":"https:\/\/heike-dahms.ch\/stage\/index.php\/wp-json\/wp\/v2\/media\/14017"}],"wp:attachment":[{"href":"https:\/\/heike-dahms.ch\/stage\/index.php\/wp-json\/wp\/v2\/media?parent=15221"}],"wp:term":[{"taxonomy":"category","embeddable":true,"href":"https:\/\/heike-dahms.ch\/stage\/index.php\/wp-json\/wp\/v2\/categories?post=15221"},{"taxonomy":"post_tag","embeddable":true,"href":"https:\/\/heike-dahms.ch\/stage\/index.php\/wp-json\/wp\/v2\/tags?post=15221"}],"curies":[{"name":"wp","href":"https:\/\/api.w.org\/{rel}","templated":true}]}}