{"id":15228,"date":"2026-03-05T16:24:43","date_gmt":"2026-03-05T15:24:43","guid":{"rendered":"https:\/\/heike-dahms.ch\/stage\/?p=15228"},"modified":"2026-03-05T20:22:28","modified_gmt":"2026-03-05T19:22:28","slug":"neues-kursangebot-klaenge-aus-der-stille-fuer-die-stille","status":"publish","type":"post","link":"https:\/\/heike-dahms.ch\/stage\/index.php\/neues-kursangebot-klaenge-aus-der-stille-fuer-die-stille\/","title":{"rendered":"Kl\u00e4nge aus der Stille f\u00fcr die Stille"},"content":{"rendered":"<h4><strong>Kennenlernen, \u00dcben und Improvisieren auf selbst geschmiedeten Klanginstrumenten<\/strong><\/h4>\n<p>&nbsp;<\/p>\n<h4><strong>Kurs mit J\u00f6rg Dinglinger<\/strong><\/h4>\n<p>&nbsp;<\/p>\n<h4><strong>Samstag, den 24. Oktober 2026<\/strong><\/h4>\n<p>&nbsp;<\/p>\n<p><a href=\"https:\/\/heike-dahms.ch\/stage\/wp-content\/uploads\/2026\/03\/Kurs-Klanginstrumente-Joerg-Dinglinger.png\"><img loading=\"lazy\" decoding=\"async\" class=\"alignnone  wp-image-15236\" src=\"https:\/\/heike-dahms.ch\/stage\/wp-content\/uploads\/2026\/03\/Kurs-Klanginstrumente-Joerg-Dinglinger-300x224.png\" alt=\"Kurs Klanginstrumente mit J\u00f6rg Dinglinger\" width=\"355\" height=\"265\" srcset=\"https:\/\/heike-dahms.ch\/stage\/wp-content\/uploads\/2026\/03\/Kurs-Klanginstrumente-Joerg-Dinglinger-300x224.png 300w, https:\/\/heike-dahms.ch\/stage\/wp-content\/uploads\/2026\/03\/Kurs-Klanginstrumente-Joerg-Dinglinger-402x300.png 402w, https:\/\/heike-dahms.ch\/stage\/wp-content\/uploads\/2026\/03\/Kurs-Klanginstrumente-Joerg-Dinglinger.png 600w\" sizes=\"auto, (max-width: 355px) 100vw, 355px\" \/><\/a>\u00a0 \u00a0 \u00a0<a href=\"https:\/\/heike-dahms.ch\/stage\/wp-content\/uploads\/2026\/03\/Kurs-Klanginstrumente-Joerg-Dinglinger.jpg\"><img loading=\"lazy\" decoding=\"async\" class=\"alignnone  wp-image-15235\" src=\"https:\/\/heike-dahms.ch\/stage\/wp-content\/uploads\/2026\/03\/Kurs-Klanginstrumente-Joerg-Dinglinger-300x258.jpg\" alt=\"Kurs Klanginstrumente mit J\u00f6rg Dinglinger\" width=\"309\" height=\"266\" srcset=\"https:\/\/heike-dahms.ch\/stage\/wp-content\/uploads\/2026\/03\/Kurs-Klanginstrumente-Joerg-Dinglinger-300x258.jpg 300w, https:\/\/heike-dahms.ch\/stage\/wp-content\/uploads\/2026\/03\/Kurs-Klanginstrumente-Joerg-Dinglinger-348x300.jpg 348w, https:\/\/heike-dahms.ch\/stage\/wp-content\/uploads\/2026\/03\/Kurs-Klanginstrumente-Joerg-Dinglinger.jpg 548w\" sizes=\"auto, (max-width: 309px) 100vw, 309px\" \/><\/a><\/p>\n<h4><strong>Kursbeschreibung<\/strong><\/h4>\n<p>Der Kurs richtet sich an Menschen, die eine neue, belebende Klangwelt kennenlernen, und zusammen auf unkonventionelle Weise musizieren m\u00f6chten.<br \/>\nIm Zentrum steht die Arbeit mit den Metallinstrumenten Tam Tam, Becken, Klangr\u00f6hren, Gongs, Xylophon, Klangst\u00e4be und Zimbeln. Die Metallkl\u00e4nge f\u00fchren in die Stille. Sie verbinden Himmel und Erde. Wir stehen als Spielende, Lauschende in der Mitte und sind unmittelbar ber\u00fchrt.<\/p>\n<p>Als Polarit\u00e4t zu den Metallen \u00fcben wir auf Holz-Xylophonen, welche aus den sieben Planetenh\u00f6lzern gefertigt wurden. Die Holzinstrumente haben einen belebenden Charakter. Ihr Klang befreit sich durch das Tun.<\/p>\n<p>Durch das gemeinsame Austauschen \u00fcber das Geh\u00f6rte entstehen neue Ideen und Anregungen f\u00fcr die therapeutische, p\u00e4dagogische und musikalische Arbeit.<br \/>\nIm Zentrum steht die Freude, die beim Spielen und Zuh\u00f6ren entsteht, eine Freude, die vielleicht an die Urfreude ankn\u00fcpft.<\/p>\n<p>Es sind keine Vorkenntnisse f\u00fcr diesen Kurs n\u00f6tig.<\/p>\n<p><a href=\"https:\/\/heike-dahms.ch\/stage\/wp-content\/uploads\/2026\/03\/Kurs-Klanginstrumente-Joerg-Dinglinger-1.jpg\"><img loading=\"lazy\" decoding=\"async\" class=\"alignnone  wp-image-15233\" src=\"https:\/\/heike-dahms.ch\/stage\/wp-content\/uploads\/2026\/03\/Kurs-Klanginstrumente-Joerg-Dinglinger-1-300x164.jpg\" alt=\"Kurs Klanginstrumente mit J\u00f6rg Dinglinger\" width=\"400\" height=\"219\" srcset=\"https:\/\/heike-dahms.ch\/stage\/wp-content\/uploads\/2026\/03\/Kurs-Klanginstrumente-Joerg-Dinglinger-1-300x164.jpg 300w, https:\/\/heike-dahms.ch\/stage\/wp-content\/uploads\/2026\/03\/Kurs-Klanginstrumente-Joerg-Dinglinger-1.jpg 478w\" sizes=\"auto, (max-width: 400px) 100vw, 400px\" \/><\/a><\/p>\n<p>&nbsp;<\/p>\n<h4><strong>J\u00f6rg Dinglinger<\/strong><\/h4>\n<p><a href=\"https:\/\/heike-dahms.ch\/stage\/wp-content\/uploads\/2026\/03\/Dinglinger-Joerg.jpg\"><img loading=\"lazy\" decoding=\"async\" class=\" wp-image-15232 alignleft\" src=\"https:\/\/heike-dahms.ch\/stage\/wp-content\/uploads\/2026\/03\/Dinglinger-Joerg-198x300.jpg\" alt=\"J\u00f6rg Dinglinger\" width=\"168\" height=\"255\" srcset=\"https:\/\/heike-dahms.ch\/stage\/wp-content\/uploads\/2026\/03\/Dinglinger-Joerg-198x300.jpg 198w, https:\/\/heike-dahms.ch\/stage\/wp-content\/uploads\/2026\/03\/Dinglinger-Joerg.jpg 242w\" sizes=\"auto, (max-width: 168px) 100vw, 168px\" \/><\/a><\/p>\n<p>J\u00f6rg Dinglinger ist seit 30 Jahren als Musik- und Gesangstherapeut im Raum Bern t\u00e4tig.<\/p>\n<p>Er f\u00fchrt seit 2014 eine Schmiede f\u00fcr den Bau von Klanginstrumenten und ist als freischaffender Chorleiter, S\u00e4nger und Improvisator unterwegs.<\/p>\n<h1><a href=\"https:\/\/heike-dahms.ch\/stage\/index.php\/anmeldung\/\" target=\"_blank\" rel=\"noopener\"><strong>Jetzt anmelden<\/strong><\/a><\/h1>\n<h4><strong>Anmeldung erbeten bis Freitag, 23. Oktober 2026<\/strong><\/h4>\n<p>&nbsp;<\/p>\n","protected":false},"excerpt":{"rendered":"<p>Kennenlernen, \u00dcben und Improvisieren auf selbst geschmiedeten Klanginstrumenten &nbsp; Kurs mit J\u00f6rg Dinglinger &nbsp; Samstag, den 24. Oktober 2026 &nbsp; \u00a0 \u00a0 \u00a0 Kursbeschreibung Der Kurs richtet sich an Menschen, die eine neue, belebende Klangwelt kennenlernen, und zusammen auf unkonventionelle &hellip; <a class=\"more-link\" href=\"https:\/\/heike-dahms.ch\/stage\/index.php\/neues-kursangebot-klaenge-aus-der-stille-fuer-die-stille\/\">Weiterlesen <span class=\"meta-nav\">&rarr;<\/span><\/a><\/p>\n","protected":false},"author":3,"featured_media":15234,"comment_status":"closed","ping_status":"closed","sticky":false,"template":"","format":"standard","meta":{"footnotes":""},"categories":[21],"tags":[],"class_list":["post-15228","post","type-post","status-publish","format-standard","has-post-thumbnail","hentry","category-kunst-und-kunsttherapie-seminare"],"acf":[],"_links":{"self":[{"href":"https:\/\/heike-dahms.ch\/stage\/index.php\/wp-json\/wp\/v2\/posts\/15228","targetHints":{"allow":["GET"]}}],"collection":[{"href":"https:\/\/heike-dahms.ch\/stage\/index.php\/wp-json\/wp\/v2\/posts"}],"about":[{"href":"https:\/\/heike-dahms.ch\/stage\/index.php\/wp-json\/wp\/v2\/types\/post"}],"author":[{"embeddable":true,"href":"https:\/\/heike-dahms.ch\/stage\/index.php\/wp-json\/wp\/v2\/users\/3"}],"replies":[{"embeddable":true,"href":"https:\/\/heike-dahms.ch\/stage\/index.php\/wp-json\/wp\/v2\/comments?post=15228"}],"version-history":[{"count":13,"href":"https:\/\/heike-dahms.ch\/stage\/index.php\/wp-json\/wp\/v2\/posts\/15228\/revisions"}],"predecessor-version":[{"id":15250,"href":"https:\/\/heike-dahms.ch\/stage\/index.php\/wp-json\/wp\/v2\/posts\/15228\/revisions\/15250"}],"wp:featuredmedia":[{"embeddable":true,"href":"https:\/\/heike-dahms.ch\/stage\/index.php\/wp-json\/wp\/v2\/media\/15234"}],"wp:attachment":[{"href":"https:\/\/heike-dahms.ch\/stage\/index.php\/wp-json\/wp\/v2\/media?parent=15228"}],"wp:term":[{"taxonomy":"category","embeddable":true,"href":"https:\/\/heike-dahms.ch\/stage\/index.php\/wp-json\/wp\/v2\/categories?post=15228"},{"taxonomy":"post_tag","embeddable":true,"href":"https:\/\/heike-dahms.ch\/stage\/index.php\/wp-json\/wp\/v2\/tags?post=15228"}],"curies":[{"name":"wp","href":"https:\/\/api.w.org\/{rel}","templated":true}]}}