{"id":15251,"date":"2026-03-05T10:00:20","date_gmt":"2026-03-05T09:00:20","guid":{"rendered":"https:\/\/heike-dahms.ch\/stage\/?p=15251"},"modified":"2026-03-06T13:16:10","modified_gmt":"2026-03-06T12:16:10","slug":"kleinodien-silberschmiedekurs-2","status":"publish","type":"post","link":"https:\/\/heike-dahms.ch\/stage\/index.php\/kleinodien-silberschmiedekurs-2\/","title":{"rendered":"Kleinodien-Silberschmiedekurs"},"content":{"rendered":"<h2><strong>Gestalten Sie Ihren eigenen Schmuck, Ihre eigene Edelmetallschale.<\/strong><\/h2>\n<h4><strong>Einf\u00fchrung ins lebendige Gestalten von Schmuckst\u00fccken mit der Goldschmiedin und Kleinodienk\u00fcnstlerin Ulrike Vetter aus Todtnauberg, Schwarzwald<\/strong><\/h4>\n<p>&nbsp;<\/p>\n<h3><strong>Freitag, 26. Februar bis Sonntag, 28. Februar 2027<\/strong><\/h3>\n<p><a href=\"https:\/\/heike-dahms.ch\/stage\/wp-content\/uploads\/2024\/09\/Kleinodienseminar-Ulrike-Vetter-Pfingsten-2025.png\"><img loading=\"lazy\" decoding=\"async\" class=\"alignnone  wp-image-14496\" src=\"https:\/\/heike-dahms.ch\/stage\/wp-content\/uploads\/2024\/09\/Kleinodienseminar-Ulrike-Vetter-Pfingsten-2025-300x95.png\" alt=\"\" width=\"705\" height=\"223\" srcset=\"https:\/\/heike-dahms.ch\/stage\/wp-content\/uploads\/2024\/09\/Kleinodienseminar-Ulrike-Vetter-Pfingsten-2025-300x95.png 300w, https:\/\/heike-dahms.ch\/stage\/wp-content\/uploads\/2024\/09\/Kleinodienseminar-Ulrike-Vetter-Pfingsten-2025-1024x323.png 1024w, https:\/\/heike-dahms.ch\/stage\/wp-content\/uploads\/2024\/09\/Kleinodienseminar-Ulrike-Vetter-Pfingsten-2025-768x243.png 768w, https:\/\/heike-dahms.ch\/stage\/wp-content\/uploads\/2024\/09\/Kleinodienseminar-Ulrike-Vetter-Pfingsten-2025-1536x485.png 1536w, https:\/\/heike-dahms.ch\/stage\/wp-content\/uploads\/2024\/09\/Kleinodienseminar-Ulrike-Vetter-Pfingsten-2025-2048x647.png 2048w, https:\/\/heike-dahms.ch\/stage\/wp-content\/uploads\/2024\/09\/Kleinodienseminar-Ulrike-Vetter-Pfingsten-2025-500x158.png 500w\" sizes=\"auto, (max-width: 705px) 100vw, 705px\" \/><\/a><\/p>\n<p>Entwerfen und gestalten Sie Ihr eigenes Schmuckst\u00fcck \u2013 ein Kleinod \u2013 aus Silber.<\/p>\n<p>Im Schmieden von Kleinodien wie in der Eurythmie, erleben wir jene Bewegungsstr\u00f6me, die Form bildend in der Welt und in uns wirken. <br \/>\nKlein-Odin, der kleine Atem, das kleine Wort, steht am Anfang der Sch\u00f6pfung.<br \/>\nIndem wir uns lauschend und zugleich eigensch\u00f6pferisch mit den Formkr\u00e4ften verbinden, erlernen wir eine Sprache, die es uns erm\u00f6glichen kann, die kosmische und menschliche Entwicklung zu verstehen und bis in die Materie hinein nachzuvollziehen.<br \/>\nDer Kurs l\u00e4dt alle Menschen ein, die Freude haben, ein Schmuckst\u00fcck \u2013 ein Kleinod \u2013 in Silber zu schmieden und er\u00f6ffnet den Blick auf die Kleinodienkunst als Schulungsweg. <br \/>\nMit Hammer und Punzen wird in alter Tradition \u00fcber dehnende und verdichtende Prozesse die gew\u00fcnschte Form in das Metall geschmiedet, \u00abziseliert\u00bb und zugleich meditativ verinnerlicht.<\/p>\n<p><a href=\"https:\/\/heike-dahms.ch\/stage\/wp-content\/uploads\/2024\/09\/Kleinodienseminar-Ulrike-Vetter-Pfingsten-2025-1.png\"><img loading=\"lazy\" decoding=\"async\" class=\"alignnone  wp-image-14492\" src=\"https:\/\/heike-dahms.ch\/stage\/wp-content\/uploads\/2024\/09\/Kleinodienseminar-Ulrike-Vetter-Pfingsten-2025-1-300x116.png\" alt=\"\" width=\"714\" height=\"276\" srcset=\"https:\/\/heike-dahms.ch\/stage\/wp-content\/uploads\/2024\/09\/Kleinodienseminar-Ulrike-Vetter-Pfingsten-2025-1-300x116.png 300w, https:\/\/heike-dahms.ch\/stage\/wp-content\/uploads\/2024\/09\/Kleinodienseminar-Ulrike-Vetter-Pfingsten-2025-1-1024x397.png 1024w, https:\/\/heike-dahms.ch\/stage\/wp-content\/uploads\/2024\/09\/Kleinodienseminar-Ulrike-Vetter-Pfingsten-2025-1-768x298.png 768w, https:\/\/heike-dahms.ch\/stage\/wp-content\/uploads\/2024\/09\/Kleinodienseminar-Ulrike-Vetter-Pfingsten-2025-1-1536x596.png 1536w, https:\/\/heike-dahms.ch\/stage\/wp-content\/uploads\/2024\/09\/Kleinodienseminar-Ulrike-Vetter-Pfingsten-2025-1-500x194.png 500w, https:\/\/heike-dahms.ch\/stage\/wp-content\/uploads\/2024\/09\/Kleinodienseminar-Ulrike-Vetter-Pfingsten-2025-1.png 1842w\" sizes=\"auto, (max-width: 714px) 100vw, 714px\" \/><\/a><\/p>\n<h4><strong>Zeiten<\/strong><\/h4>\n<p>Freitag, 17.15\u201320.15 Uhr<br \/>\nSamstag, 9.15\u201320.15 Uhr<br \/>\nSonntag, 9.15\u201317.15 Uhr<\/p>\n<h4><strong>Kosten<\/strong><\/h4>\n<p>350 CHF inkl. Verpflegung<br \/>\nzus\u00e4tzliche Verrechnung des verwendeten Materials nach Gewicht<\/p>\n<h4><strong>Kursleitung<\/strong><\/h4>\n<p><strong>Ulrike Vetter, Goldschmiedin<br \/>\n<\/strong>Atelier f\u00fcr Goldschmiede- und Kleinodienkunst<strong><br \/>\n<\/strong><\/p>\n<p><a href=\"https:\/\/heike-dahms.ch\/stage\/wp-content\/uploads\/2024\/09\/Vetter-Ulrike.jpg\"><img loading=\"lazy\" decoding=\"async\" class=\"alignnone size-medium wp-image-14497\" src=\"https:\/\/heike-dahms.ch\/stage\/wp-content\/uploads\/2024\/09\/Vetter-Ulrike-250x300.jpg\" alt=\"\" width=\"250\" height=\"300\" srcset=\"https:\/\/heike-dahms.ch\/stage\/wp-content\/uploads\/2024\/09\/Vetter-Ulrike-250x300.jpg 250w, https:\/\/heike-dahms.ch\/stage\/wp-content\/uploads\/2024\/09\/Vetter-Ulrike.jpg 430w\" sizes=\"auto, (max-width: 250px) 100vw, 250px\" \/><\/a><\/p>\n<p>Telefon +49 7671 99 26 57<br \/>\nHandy +49 152 24 28 43 86<br \/>\nE-Mail <a href=\"mailto:ulrike.vetter.kunst@gmail.com\" target=\"_blank\" rel=\"noopener\">ulrike.vetter.kunst@gmail.com<\/a><\/p>\n<p><a href=\"https:\/\/heike-dahms.ch\/stage\/wp-content\/uploads\/2024\/09\/Ulrike-Vetter-Vita-2024-12.pdf\" target=\"_blank\" rel=\"noopener\"><strong>Download (PDF) Vita Ulrike Vetter<\/strong><\/a><\/p>\n<p>Im Zentrum meiner Arbeit steht die kreative, eigensch\u00f6pferische T\u00e4tigkeit als geisteswissenschaftlicher Schulungsweg. Menschen auf diesem Weg zu begleiten und in ihrer Entwicklung zu unterst\u00fctzen, liegt mir am Herzen.<br \/>\nDurch Eurythmie und Schmieden von Kleinodien und Planetensiegeln nach Rudolf Steiner wird die Wahrnehmung und Ausbildung der \u00c4therkr\u00e4fte aktiviert und gef\u00f6rdert.<br \/>\nIm praktischen Umgang mit den Formkr\u00e4ften, ihrem vielf\u00e4ltigen Ausdruck und ihren Wirkungen und der damit verbundenen Erkenntnisarbeit werden Bewusstseinsprozesse angeregt.<br \/>\nBei dem Zusammenwirken von intensiver meditativer Verbindung mit Form und Material und der erkennenden Betrachtung beim Schmieden bekommen wir die M\u00f6glichkeit, etwas \u00fcber unsere eigene, individuelle Pers\u00f6nlichkeit zu erfahren und gleichzeitig das Material in die Verwandlung zu bringen.<br \/>\nDiese Bewusstwerdung k\u00f6nnen wir in Bezug auf die Zusammenh\u00e4nge von Planetenkr\u00e4ften und Organprozessen erleben. So ist insbesondere das Siegelschmieden eine Arbeit des Menschen an sich selbst und an seiner Entwicklung.<\/p>\n<p>Seit 2014 arbeite ich in dieser Weise gemeinsam mit Franziska Br\u00fcnner, Designerin, an der Fortf\u00fchrung und Weiterentwicklung des Kleinodienimpulses und des Siegelschmiedens nach Rudolf Steiner mit dem Ziel einer eigenst\u00e4ndigen, lebendigen Erneuerung.<br \/>\nWir bieten im Haus Turmalin in Todtnauberg, Deutschland, Kurse und Auftragsarbeiten an, sowie R\u00e4ume f\u00fcr Gastvortr\u00e4ge und -seminare im Sinne der Anthroposophie.<\/p>\n<p>&nbsp;<\/p>\n<h4><strong>Anmeldung erbeten bis Freitag, 12. Februar 2027<\/strong><\/h4>\n<h1><a href=\"https:\/\/heike-dahms.ch\/stage\/index.php\/anmeldung\/\" target=\"_blank\" rel=\"noopener\"><strong>Jetzt anmelden<\/strong><\/a><\/h1>\n<p>&nbsp;<\/p>\n<p><a href=\"https:\/\/heike-dahms.ch\/stage\/wp-content\/uploads\/2024\/09\/Kleinodienseminar-Ulrike-Vetter-Pfingsten-2025-2.png\"><img loading=\"lazy\" decoding=\"async\" class=\"alignnone size-medium wp-image-14493\" src=\"https:\/\/heike-dahms.ch\/stage\/wp-content\/uploads\/2024\/09\/Kleinodienseminar-Ulrike-Vetter-Pfingsten-2025-2-300x216.png\" alt=\"\" width=\"300\" height=\"216\" srcset=\"https:\/\/heike-dahms.ch\/stage\/wp-content\/uploads\/2024\/09\/Kleinodienseminar-Ulrike-Vetter-Pfingsten-2025-2-300x216.png 300w, https:\/\/heike-dahms.ch\/stage\/wp-content\/uploads\/2024\/09\/Kleinodienseminar-Ulrike-Vetter-Pfingsten-2025-2.png 398w\" sizes=\"auto, (max-width: 300px) 100vw, 300px\" \/><\/a> \u00a0 <a href=\"https:\/\/heike-dahms.ch\/stage\/wp-content\/uploads\/2024\/09\/Kleinodienseminar-Ulrike-Vetter-Pfingsten-2025-3.jpg\"><img loading=\"lazy\" decoding=\"async\" class=\"alignnone size-medium wp-image-14494\" src=\"https:\/\/heike-dahms.ch\/stage\/wp-content\/uploads\/2024\/09\/Kleinodienseminar-Ulrike-Vetter-Pfingsten-2025-3-300x216.jpg\" alt=\"\" width=\"300\" height=\"216\" srcset=\"https:\/\/heike-dahms.ch\/stage\/wp-content\/uploads\/2024\/09\/Kleinodienseminar-Ulrike-Vetter-Pfingsten-2025-3-300x216.jpg 300w, https:\/\/heike-dahms.ch\/stage\/wp-content\/uploads\/2024\/09\/Kleinodienseminar-Ulrike-Vetter-Pfingsten-2025-3.jpg 398w\" sizes=\"auto, (max-width: 300px) 100vw, 300px\" \/><\/a><\/p>\n","protected":false},"excerpt":{"rendered":"<p>Gestalten Sie Ihren eigenen Schmuck, Ihre eigene Edelmetallschale. Einf\u00fchrung ins lebendige Gestalten von Schmuckst\u00fccken mit der Goldschmiedin und Kleinodienk\u00fcnstlerin Ulrike Vetter aus Todtnauberg, Schwarzwald &nbsp; Freitag, 26. Februar bis Sonntag, 28. Februar 2027 Entwerfen und gestalten Sie Ihr eigenes Schmuckst\u00fcck &hellip; <a class=\"more-link\" href=\"https:\/\/heike-dahms.ch\/stage\/index.php\/kleinodien-silberschmiedekurs-2\/\">Weiterlesen <span class=\"meta-nav\">&rarr;<\/span><\/a><\/p>\n","protected":false},"author":3,"featured_media":14495,"comment_status":"closed","ping_status":"closed","sticky":false,"template":"","format":"standard","meta":{"footnotes":""},"categories":[21],"tags":[],"class_list":["post-15251","post","type-post","status-publish","format-standard","has-post-thumbnail","hentry","category-kunst-und-kunsttherapie-seminare"],"acf":[],"_links":{"self":[{"href":"https:\/\/heike-dahms.ch\/stage\/index.php\/wp-json\/wp\/v2\/posts\/15251","targetHints":{"allow":["GET"]}}],"collection":[{"href":"https:\/\/heike-dahms.ch\/stage\/index.php\/wp-json\/wp\/v2\/posts"}],"about":[{"href":"https:\/\/heike-dahms.ch\/stage\/index.php\/wp-json\/wp\/v2\/types\/post"}],"author":[{"embeddable":true,"href":"https:\/\/heike-dahms.ch\/stage\/index.php\/wp-json\/wp\/v2\/users\/3"}],"replies":[{"embeddable":true,"href":"https:\/\/heike-dahms.ch\/stage\/index.php\/wp-json\/wp\/v2\/comments?post=15251"}],"version-history":[{"count":1,"href":"https:\/\/heike-dahms.ch\/stage\/index.php\/wp-json\/wp\/v2\/posts\/15251\/revisions"}],"predecessor-version":[{"id":15252,"href":"https:\/\/heike-dahms.ch\/stage\/index.php\/wp-json\/wp\/v2\/posts\/15251\/revisions\/15252"}],"wp:featuredmedia":[{"embeddable":true,"href":"https:\/\/heike-dahms.ch\/stage\/index.php\/wp-json\/wp\/v2\/media\/14495"}],"wp:attachment":[{"href":"https:\/\/heike-dahms.ch\/stage\/index.php\/wp-json\/wp\/v2\/media?parent=15251"}],"wp:term":[{"taxonomy":"category","embeddable":true,"href":"https:\/\/heike-dahms.ch\/stage\/index.php\/wp-json\/wp\/v2\/categories?post=15251"},{"taxonomy":"post_tag","embeddable":true,"href":"https:\/\/heike-dahms.ch\/stage\/index.php\/wp-json\/wp\/v2\/tags?post=15251"}],"curies":[{"name":"wp","href":"https:\/\/api.w.org\/{rel}","templated":true}]}}